{"id":7059,"date":"2025-10-13T10:57:24","date_gmt":"2025-10-13T10:57:24","guid":{"rendered":"https:\/\/localyaar.bf\/?p=7059"},"modified":"2025-10-13T11:12:17","modified_gmt":"2025-10-13T11:12:17","slug":"voila-une-vraie-pharmacienne-dr-evelyne-ouedraogo","status":"publish","type":"post","link":"https:\/\/localyaar.bf\/en\/voila-une-vraie-pharmacienne-dr-evelyne-ouedraogo","title":{"rendered":"Voila une Vraie Pharmacienne : Dr Evelyne Ou\u00e9draogo"},"content":{"rendered":"<p><strong>R\u00e9f\u00e9rence burkinab\u00e8 en aromath\u00e9rapie et en rem\u00e8de anti-paludisme.<\/strong><\/p>\n\n\n\n<p>Fondatrice des Les Jardins d&rsquo;Eve, avec une mission magnifique :<strong> Promouvoir la sant\u00e9 et le bien-\u00eatre \u00e0 travers les plantes locales.<\/strong><\/p>\n\n\n\n<p>Les Jardins d\u2019Eve con\u00e7oivent une vari\u00e9t\u00e9 de produits naturels :<\/p>\n\n\n\n<p>\ud83e\udd9f <strong>La gamme PAF! Moustique, un r\u00e9pulsif naturel adapt\u00e9 \u00e0 toute la famille, m\u00eame aux peaux les plus sensibles et les espaces dans les maisons. <\/strong><\/p>\n\n\n\n<p>\ud83c\udf3f <strong>Les infusions bienfaisantes \u2013 comme Confort F\u00e9minin, Nuit Paisible, Apr\u00e8s Repas.<\/strong><\/p>\n\n\n\n<p>\ud83c\udf31 <strong>Les huiles essentielles \u2013 telles que DECONTRACT (soulage les douleurs articulaires et musculaires)<\/strong>.<\/p>\n\n\n\n<p>\ud83d\ude22<strong>STOP RHUME (contre le rhume et la rhinite), ou encore un baume \u00e0 l\u2019eucalyptus pour d\u00e9gager les voies respiratoires.<\/strong><\/p>\n\n\n\n<div style=\"height:36px\" aria-hidden=\"true\" class=\"wp-block-spacer\"><\/div>\n\n\n\n<figure class=\"wp-block-image size-large is-resized\"><img data-recalc-dims=\"1\" fetchpriority=\"high\" decoding=\"async\" width=\"269\" height=\"374\" src=\"https:\/\/i0.wp.com\/localyaar.bf\/wp-content\/uploads\/2025\/10\/PAF-Moustique-Les-jardins-dEve-Local-Yaar.jpg?resize=269%2C374&#038;ssl=1\" alt=\"\" class=\"wp-image-7067\" style=\"width:165px;height:auto\" srcset=\"https:\/\/i0.wp.com\/localyaar.bf\/wp-content\/uploads\/2025\/10\/PAF-Moustique-Les-jardins-dEve-Local-Yaar.jpg?resize=269%2C374&amp;ssl=1 269w, https:\/\/i0.wp.com\/localyaar.bf\/wp-content\/uploads\/2025\/10\/PAF-Moustique-Les-jardins-dEve-Local-Yaar.jpg?resize=202%2C281&amp;ssl=1 202w, https:\/\/i0.wp.com\/localyaar.bf\/wp-content\/uploads\/2025\/10\/PAF-Moustique-Les-jardins-dEve-Local-Yaar.jpg?resize=9%2C12&amp;ssl=1 9w, https:\/\/i0.wp.com\/localyaar.bf\/wp-content\/uploads\/2025\/10\/PAF-Moustique-Les-jardins-dEve-Local-Yaar.jpg?resize=370%2C515&amp;ssl=1 370w, https:\/\/i0.wp.com\/localyaar.bf\/wp-content\/uploads\/2025\/10\/PAF-Moustique-Les-jardins-dEve-Local-Yaar.jpg?resize=570%2C793&amp;ssl=1 570w, https:\/\/i0.wp.com\/localyaar.bf\/wp-content\/uploads\/2025\/10\/PAF-Moustique-Les-jardins-dEve-Local-Yaar.jpg?w=720&amp;ssl=1 720w\" sizes=\"(max-width: 269px) 100vw, 269px\" \/><\/figure>\n\n\n\n<div class=\"wp-block-media-text has-media-on-the-right is-stacked-on-mobile is-vertically-aligned-center\" style=\"grid-template-columns:auto 25%\"><div class=\"wp-block-media-text__content\">\n<p><strong>Tous les produits sont fabriqu\u00e9s au Burkina Faso \u00e0 partir de plantes naturelles et biologiques, dont une grande partie provient d\u2019une ferme agro\u00e9cologique.<\/strong><\/p>\n<\/div><figure class=\"wp-block-media-text__media\"><img data-recalc-dims=\"1\" decoding=\"async\" width=\"269\" height=\"374\" src=\"https:\/\/i0.wp.com\/localyaar.bf\/wp-content\/uploads\/2025\/10\/PAF-Moustique-Les-jardins-dEve-Local-Yaar-1.jpg?resize=269%2C374&#038;ssl=1\" alt=\"\" class=\"wp-image-7071 size-full\" srcset=\"https:\/\/i0.wp.com\/localyaar.bf\/wp-content\/uploads\/2025\/10\/PAF-Moustique-Les-jardins-dEve-Local-Yaar-1.jpg?resize=269%2C374&amp;ssl=1 269w, https:\/\/i0.wp.com\/localyaar.bf\/wp-content\/uploads\/2025\/10\/PAF-Moustique-Les-jardins-dEve-Local-Yaar-1.jpg?resize=202%2C281&amp;ssl=1 202w, https:\/\/i0.wp.com\/localyaar.bf\/wp-content\/uploads\/2025\/10\/PAF-Moustique-Les-jardins-dEve-Local-Yaar-1.jpg?resize=9%2C12&amp;ssl=1 9w, https:\/\/i0.wp.com\/localyaar.bf\/wp-content\/uploads\/2025\/10\/PAF-Moustique-Les-jardins-dEve-Local-Yaar-1.jpg?resize=370%2C515&amp;ssl=1 370w, https:\/\/i0.wp.com\/localyaar.bf\/wp-content\/uploads\/2025\/10\/PAF-Moustique-Les-jardins-dEve-Local-Yaar-1.jpg?resize=570%2C793&amp;ssl=1 570w, https:\/\/i0.wp.com\/localyaar.bf\/wp-content\/uploads\/2025\/10\/PAF-Moustique-Les-jardins-dEve-Local-Yaar-1.jpg?w=720&amp;ssl=1 720w\" sizes=\"(max-width: 269px) 100vw, 269px\" \/><\/figure><\/div>\n\n\n\n<div style=\"height:42px\" aria-hidden=\"true\" class=\"wp-block-spacer\"><\/div>\n\n\n\n<p>\u260e\ufe0f (+226) <strong>06 70 64 64<\/strong><br>\ud83c\udf10<strong>Place de march\u00e9 :<\/strong> www.localyaar.bf<br><strong>Page Facebook Local Yaar :  <\/strong><a href=\"https:\/\/web.facebook.com\/ProduitLocauxLocalYaar.bf\">web.facebook.com\/ProduitLocauxLocalYaar.bf<\/a><br><strong>Page Facebook Les Jardins D&rsquo;Eve: <\/strong><a href=\"https:\/\/web.facebook.com\/lesjardinsdeve\">web.facebook.com\/lesjardinsdeve<\/a><\/p>","protected":false},"excerpt":{"rendered":"<p>R\u00e9f\u00e9rence burkinab\u00e8 en aromath\u00e9rapie et en rem\u00e8de anti-paludisme.<\/p>\n<p>Fondatrice des Les Jardins d&rsquo;Eve, avec une mission magnifique : Promouvoir la sant\u00e9 et le bien-\u00eatre \u00e0 travers les plantes locales.<\/p>","protected":false},"author":13,"featured_media":7060,"comment_status":"open","ping_status":"open","sticky":false,"template":"","format":"standard","meta":{"_eb_attr":"","om_disable_all_campaigns":false,"_monsterinsights_skip_tracking":false,"_monsterinsights_sitenote_active":false,"_monsterinsights_sitenote_note":"","_monsterinsights_sitenote_category":0,"_jetpack_memberships_contains_paid_content":false,"footnotes":""},"categories":[421],"tags":[672,674,670,673],"class_list":["post-7059","post","type-post","status-publish","format-standard","has-post-thumbnail","hentry","category-sante-bienetre","tag-anti-moustique","tag-infusions","tag-les-jardins-deve","tag-pharmacienne"],"aioseo_notices":[],"jetpack_featured_media_url":"https:\/\/i0.wp.com\/localyaar.bf\/wp-content\/uploads\/2025\/10\/Les-jardins-dEve-Local-Yaar.jpg?fit=716%2C999&ssl=1","jetpack_likes_enabled":true,"jetpack_sharing_enabled":true,"_links":{"self":[{"href":"https:\/\/localyaar.bf\/en\/wp-json\/wp\/v2\/posts\/7059","targetHints":{"allow":["GET"]}}],"collection":[{"href":"https:\/\/localyaar.bf\/en\/wp-json\/wp\/v2\/posts"}],"about":[{"href":"https:\/\/localyaar.bf\/en\/wp-json\/wp\/v2\/types\/post"}],"author":[{"embeddable":true,"href":"https:\/\/localyaar.bf\/en\/wp-json\/wp\/v2\/users\/13"}],"replies":[{"embeddable":true,"href":"https:\/\/localyaar.bf\/en\/wp-json\/wp\/v2\/comments?post=7059"}],"version-history":[{"count":10,"href":"https:\/\/localyaar.bf\/en\/wp-json\/wp\/v2\/posts\/7059\/revisions"}],"predecessor-version":[{"id":7081,"href":"https:\/\/localyaar.bf\/en\/wp-json\/wp\/v2\/posts\/7059\/revisions\/7081"}],"wp:featuredmedia":[{"embeddable":true,"href":"https:\/\/localyaar.bf\/en\/wp-json\/wp\/v2\/media\/7060"}],"wp:attachment":[{"href":"https:\/\/localyaar.bf\/en\/wp-json\/wp\/v2\/media?parent=7059"}],"wp:term":[{"taxonomy":"category","embeddable":true,"href":"https:\/\/localyaar.bf\/en\/wp-json\/wp\/v2\/categories?post=7059"},{"taxonomy":"post_tag","embeddable":true,"href":"https:\/\/localyaar.bf\/en\/wp-json\/wp\/v2\/tags?post=7059"}],"curies":[{"name":"wp","href":"https:\/\/api.w.org\/{rel}","templated":true}]}}